{"id":13711,"date":"2024-03-27T16:43:40","date_gmt":"2024-03-27T15:43:40","guid":{"rendered":"https:\/\/www.smartdoor.sk\/5-lepes-a-szekcionalt-garazskapu-kivalasztasakor\/"},"modified":"2024-03-27T16:43:44","modified_gmt":"2024-03-27T15:43:44","slug":"5-lepes-a-szekcionalt-garazskapu-kivalasztasakor","status":"publish","type":"post","link":"https:\/\/smartdoor.sk\/hu\/5-lepes-a-szekcionalt-garazskapu-kivalasztasakor\/","title":{"rendered":"5 l\u00e9p\u00e9s a szekcion\u00e1lt gar\u00e1zskapu kiv\u00e1laszt\u00e1sakor"},"content":{"rendered":"\n<p>A szekcion\u00e1lt gar\u00e1zskapu kiv\u00e1laszt\u00e1sakor kezdj\u00fck azzal, hogy megvizsg\u00e1ljuk, hov\u00e1 ker\u00fcl majd a kapu. Sz\u00e1mos lehet\u0151s\u00e9g van, \u00e9s az \u00e1tj\u00e1r\u00f3 attrib\u00fatumainak kiv\u00e1laszt\u00e1sa ezekt\u0151l f\u00fcgg. Annak \u00e9rdek\u00e9ben, hogy az eredm\u00e9ny a lehet\u0151 leghat\u00e9konyabb \u00e9s leghat\u00e9konyabb legyen.<\/p>\n\n<h3 class=\"wp-block-heading\">Szekcion\u00e1lt gar\u00e1zskapu &#8211; m\u00e9retbeli felt\u00e9telek<\/h3>\n\n<p>A <a href=\"%5C%22https:\/\/smartdoor.sk\/sk\/garazove-brany-2\/%5C%22\">gar\u00e1zskapu<\/a> m\u00e9ret\u00e9nek meghat\u00e1roz\u00e1sa a legegyszer\u0171bb a v\u00e1laszt\u00e1si lehet\u0151s\u00e9gek k\u00f6z\u00fcl. Ezt vagy a gar\u00e1zsny\u00edl\u00e1s megl\u00e9v\u0151 m\u00e9rete hat\u00e1rozza meg, vagy azt, hogy milyen \u00e9s h\u00e1ny aut\u00f3 fog parkolni a gar\u00e1zsban. \u00c9s ennek megfelel\u0151en kisz\u00e1m\u00edtjuk az ide\u00e1lis lyukm\u00e9retet. A kapunak kb. 5-10 cm sz\u00e9less\u00e9gben kell t\u00falny\u00falnia a ny\u00edl\u00e1son. A magass\u00e1g, att\u00f3l f\u00fcgg\u0151en, hogy mennyi hely\u00fcnk van a ny\u00edl\u00e1s tetej\u00e9t\u0151l a mennyezetig. Sz\u00e1moljon azzal a t\u00e9nnyel, hogy a s\u00edneknek, amelyekben az ajt\u00f3 mozog, sz\u00fcks\u00e9g\u00fck van n\u00e9mi helyre a <a href=\"%5C%22https:\/\/smartdoor.sk\/sk\/garage-door-repair-sk\/%5C%22\">gar\u00e1zsny\u00edl\u00e1s<\/a> felett. Legal\u00e1bbis k\u00f6r\u00fclbel\u00fcl 15 cm. Speci\u00e1lis esetekben ez m\u00e9g kevesebb is lehet, de ez a kaput n\u00e9mileg dr\u00e1g\u00e1bb\u00e1 teszi, mivel a kapu probl\u00e9mamentes m\u0171k\u00f6d\u00e9s\u00e9hez speci\u00e1lis p\u00e1lyarendszerre van sz\u00fcks\u00e9g.<\/p>\n\n<h3 class=\"wp-block-heading\">Szekcion\u00e1lt gar\u00e1zskapu &#8211; tervez\u00e9si felt\u00e9telek<\/h3>\n\n<p>A <a href=\"%5C%22https:\/\/branyservis.sk\/%5C%22\">gar\u00e1zskapu kialak\u00edt\u00e1sa<\/a> n\u00e9gy alapvet\u0151 kialak\u00edt\u00e1sban l\u00e9tezik. A legelterjedtebbek az univerz\u00e1lis kialak\u00edt\u00e1s\u00fa \u00f6vek. Az egyik, k\u00f6r\u00fclbel\u00fcl 50 cm magas r\u00e9szen k\u00f6r\u00fclbel\u00fcl 10 cm sz\u00e9les cs\u00edkok vannak. A v\u00e1s\u00e1rl\u00f3k egyre ink\u00e1bb a sima kialak\u00edt\u00e1st k\u00e9rik &#8211; a teljes 50 cm-es szakasz sima, \u00edgy a kapu n\u00e9zeti oldal\u00e1r\u00f3l csak a szakaszok k\u00f6z\u00f6tti h\u00e9zagok l\u00e1that\u00f3k. Egy norm\u00e1l kapun k\u00f6r\u00fclbel\u00fcl 4-5 ilyen van. Valami a kett\u0151 k\u00f6z\u00f6tt &#8211; design cs\u00edkok &#8211; itt az egyes r\u00e9szeket csak egy-egy cs\u00edk v\u00e1lasztja el. Az utols\u00f3 a legklasszikusabb v\u00e1ltozat, amelyet egyre kevesebb v\u00e1s\u00e1rl\u00f3 ig\u00e9nyel &#8211; a kazett\u00e1s kivitel. Ez a kialak\u00edt\u00e1s r\u00e9gebbi h\u00e1zakon l\u00e1that\u00f3, m\u00e9g abb\u00f3l az id\u0151b\u0151l, amikor a szekcion\u00e1lt gar\u00e1zskapu m\u00e9g szokatlan volt a k\u00f6rny\u00e9k\u00fcnk\u00f6n.  <\/p>\n\n<h3 class=\"wp-block-heading\">Szekcion\u00e1lt gar\u00e1zskapu &#8211; sz\u00ednfelt\u00e9telek<\/h3>\n\n<p>A klasszikus feh\u00e9r. A legt\u00f6bb v\u00e1s\u00e1rl\u00f3 m\u00e9g ma is a klasszikus feh\u00e9r kapu ut\u00e1n ny\u00fal. Term\u00e9szetesen nem fogunk elrontani semmit. A sz\u00ednt a h\u00e1z homlokzat\u00e1hoz, az ablakkeretekhez igaz\u00edtjuk, de figyelembe vessz\u00fck a kapu be\u00e9p\u00edt\u00e9si hely\u00e9t is. Hadd magyar\u00e1zzam el. Ha k\u00f6zvetlen\u00fcl az utc\u00e1ra ny\u00edlik a kapunk, ahol nagy a forgalom, \u00e9s az elhalad\u00f3 aut\u00f3k szennyezik a kaput, p\u00e9ld\u00e1ul az es\u0151v\u00edz fr\u00f6ccsen\u00e9s\u00e9vel, akkor vil\u00e1gosabb sz\u00ednt v\u00e1lasszunk a kapuhoz &#8211; itt a n\u00e9pszer\u0171 klasszikus feh\u00e9r sz\u00edn a megfelel\u0151. Ha d\u00e9li fekv\u00e9s\u0171 gar\u00e1zsunk van, szint\u00e9n nem a legboldogabb, ha s\u00f6t\u00e9t sz\u00edneket v\u00e1lasztunk. A kapu ac\u00e9lfel\u00fclet\u00e9t t\u00falzottan felmeleg\u00edti a nap, ha s\u00f6t\u00e9t sz\u00edn\u0171. N\u00e9h\u00e1ny \u00e9v eltelt\u00e9vel a sz\u00edn elhalv\u00e1nyul, \u00e9s a probl\u00e9ma megsz\u0171nik. A jelenleg n\u00e9pszer\u0171 s\u00f6t\u00e9tsz\u00fcrke vagy s\u00f6t\u00e9tbarna sz\u00edneket csak olyan helyeken haszn\u00e1lja, ahol a gar\u00e1zskapu v\u00e9dve van a napt\u00f3l \u00e9s a szennyez\u0151d\u00e9sekt\u0151l. Jelenleg a legnagyobb szerkenty\u0171 a gar\u00e1zskapu szem\u00e9lyre szabott grafikai nyomtat\u00e1sa.<\/p>\n\n<h3 class=\"wp-block-heading\">Szekcion\u00e1lt gar\u00e1zskapu &#8211; fel\u00fcleti felt\u00e9telek<\/h3>\n\n<p>A <a href=\"%5C%22http:\/\/brany-garazove.sk\/%5C%22\">szekcion\u00e1lt gar\u00e1zskapuk<\/a> fel\u00fclete \u00e1ltal\u00e1ban az \u00fagynevezett famint\u00e1s szerkezet\u0171. Egyesek narancsh\u00e9j text\u00far\u00e1nak is nevezik, mert hasonl\u00edt a narancs fel\u00fclet\u00e9re. Az ajt\u00f3szelv\u00e9nyek ilyen t\u00edpus\u00fa fel\u00fcletkezel\u00e9se a legmegfelel\u0151bb \u00e9s egyben a legelterjedtebb is. A kapu fel\u00fclete ellen\u00e1ll a kisebb karcol\u00e1soknak, \u00e9s a kisebb szennyez\u0151d\u00e9sek sem nagyon l\u00e1tszanak. Hasonl\u00f3 fel\u00fclet a stukk\u00f3fel\u00fclet, m\u00e1s n\u00e9ven vakolatfel\u00fclet. Ugyanaz\u00e9rt, ami\u00e9rt a narancss\u00e1rga fel\u00fclet &#8211; mert hasonl\u00edt a vakolat text\u00far\u00e1j\u00e1ra. Els\u0151sorban <a href=\"%5C%22https:\/\/www.brany-priemyselne.sk\/%5C%22\">ipari kapukhoz<\/a> haszn\u00e1lj\u00e1k. A jelenleg n\u00e9pszer\u0171 sima fel\u00fclet igaz\u00e1n sima \u00e9s igaz\u00e1n l\u00e1tv\u00e1nyosnak t\u0171nik. Kicsit probl\u00e9m\u00e1sabb a karbantart\u00e1s, k\u00fcl\u00f6n\u00f6sen, ha s\u00f6t\u00e9t sz\u00ednnel kombin\u00e1lj\u00e1k. De valakinek meg\u00e9ri a hat\u00e1st, ez egy igaz\u00e1n sz\u00e9p gar\u00e1zskapu kivitel.  <\/p>\n\n<p>N\u00e9ha tal\u00e1lkozhatsz egy homokszemcs\u00e9snek nevezett fel\u00fclettel is &#8211; k\u00fcl\u00f6n\u00f6sen s\u00f6t\u00e9t sz\u00ednekkel nagyon l\u00e1tv\u00e1nyosan n\u00e9z ki. A fel\u00fclet t\u00e9nyleg hasonl\u00edt a homokra, de az\u00e9rt fel\u00e1rat kell fizetni. Ha \u00faj gar\u00e1zskaput szeretne v\u00e1s\u00e1rolni, gondolja \u00e1t el\u0151re az \u00f6sszes, az ajt\u00f3 megjelen\u00e9s\u00e9vel \u00e9s funkcionalit\u00e1s\u00e1val kapcsolatos ig\u00e9ny\u00e9t, \u00e9s ha lehet, ne k\u00f6ss\u00f6n kompromisszumokat.<\/p>\n\n<p><\/p>\n","protected":false},"excerpt":{"rendered":"<p>A gar\u00e1zskapu kiv\u00e1laszt\u00e1s\u00e1nak lehet\u0151s\u00e9gei manaps\u00e1g szinte korl\u00e1tlanok. Ennek ellen\u00e9re bizonyos elvek \u00e9rv\u00e9nyesek.<\/p>\n","protected":false},"author":3,"featured_media":12662,"comment_status":"closed","ping_status":"open","sticky":false,"template":"","format":"standard","meta":{"_acf_changed":false,"site-sidebar-layout":"default","site-content-layout":"","ast-site-content-layout":"default","site-content-style":"default","site-sidebar-style":"default","ast-global-header-display":"","ast-banner-title-visibility":"","ast-main-header-display":"","ast-hfb-above-header-display":"","ast-hfb-below-header-display":"","ast-hfb-mobile-header-display":"","site-post-title":"","ast-breadcrumbs-content":"","ast-featured-img":"","footer-sml-layout":"","ast-disable-related-posts":"","theme-transparent-header-meta":"","adv-header-id-meta":"","stick-header-meta":"","header-above-stick-meta":"","header-main-stick-meta":"","header-below-stick-meta":"","astra-migrate-meta-layouts":"default","ast-page-background-enabled":"default","ast-page-background-meta":{"desktop":{"background-color":"","background-image":"","background-repeat":"repeat","background-position":"center center","background-size":"auto","background-attachment":"scroll","background-type":"","background-media":"","overlay-type":"","overlay-color":"","overlay-opacity":"","overlay-gradient":""},"tablet":{"background-color":"","background-image":"","background-repeat":"repeat","background-position":"center center","background-size":"auto","background-attachment":"scroll","background-type":"","background-media":"","overlay-type":"","overlay-color":"","overlay-opacity":"","overlay-gradient":""},"mobile":{"background-color":"","background-image":"","background-repeat":"repeat","background-position":"center center","background-size":"auto","background-attachment":"scroll","background-type":"","background-media":"","overlay-type":"","overlay-color":"","overlay-opacity":"","overlay-gradient":""}},"ast-content-background-meta":{"desktop":{"background-color":"var(--ast-global-color-5)","background-image":"","background-repeat":"repeat","background-position":"center center","background-size":"auto","background-attachment":"scroll","background-type":"","background-media":"","overlay-type":"","overlay-color":"","overlay-opacity":"","overlay-gradient":""},"tablet":{"background-color":"var(--ast-global-color-5)","background-image":"","background-repeat":"repeat","background-position":"center center","background-size":"auto","background-attachment":"scroll","background-type":"","background-media":"","overlay-type":"","overlay-color":"","overlay-opacity":"","overlay-gradient":""},"mobile":{"background-color":"var(--ast-global-color-5)","background-image":"","background-repeat":"repeat","background-position":"center center","background-size":"auto","background-attachment":"scroll","background-type":"","background-media":"","overlay-type":"","overlay-color":"","overlay-opacity":"","overlay-gradient":""}},"footnotes":""},"categories":[412],"tags":[453,461],"class_list":["post-13711","post","type-post","status-publish","format-standard","has-post-thumbnail","hentry","category-garazs-kapuk","tag-intelligens-ajto","tag-olympus-ajto"],"acf":[],"yoast_head":"<!-- This site is optimized with the Yoast SEO Premium plugin v26.2 (Yoast SEO v27.2) - https:\/\/yoast.com\/product\/yoast-seo-premium-wordpress\/ -->\n<title>5 l\u00e9p\u00e9s a szekcion\u00e1lt gar\u00e1zskapu kiv\u00e1laszt\u00e1sakor - Smartdoor<\/title>\n<meta name=\"description\" content=\"Szekcion\u00e1lt gar\u00e1zskapu - az ajt\u00f3 kiv\u00e1laszt\u00e1s\u00e1nak felt\u00e9teleit az \u00d6n ig\u00e9nyei hat\u00e1rozz\u00e1k meg. V\u00e1lassza ki a kapu megfelel\u0151 m\u00e9ret\u00e9t, sz\u00edn\u00e9t \u00e9s kialak\u00edt\u00e1s\u00e1t.\" \/>\n<meta name=\"robots\" content=\"index, follow, max-snippet:-1, max-image-preview:large, max-video-preview:-1\" \/>\n<link rel=\"canonical\" href=\"https:\/\/smartdoor.sk\/hu\/5-lepes-a-szekcionalt-garazskapu-kivalasztasakor\/\" \/>\n<meta property=\"og:locale\" content=\"hu_HU\" \/>\n<meta property=\"og:type\" content=\"article\" \/>\n<meta property=\"og:title\" content=\"5 l\u00e9p\u00e9s a szekcion\u00e1lt gar\u00e1zskapu kiv\u00e1laszt\u00e1sakor\" \/>\n<meta property=\"og:description\" content=\"Szekcion\u00e1lt gar\u00e1zskapu - az ajt\u00f3 kiv\u00e1laszt\u00e1s\u00e1nak felt\u00e9teleit az \u00d6n ig\u00e9nyei hat\u00e1rozz\u00e1k meg. V\u00e1lassza ki a kapu megfelel\u0151 m\u00e9ret\u00e9t, sz\u00edn\u00e9t \u00e9s kialak\u00edt\u00e1s\u00e1t.\" \/>\n<meta property=\"og:url\" content=\"https:\/\/smartdoor.sk\/hu\/5-lepes-a-szekcionalt-garazskapu-kivalasztasakor\/\" \/>\n<meta property=\"og:site_name\" content=\"Smartdoor\" \/>\n<meta property=\"article:published_time\" content=\"2024-03-27T15:43:40+00:00\" \/>\n<meta property=\"article:modified_time\" content=\"2024-03-27T15:43:44+00:00\" \/>\n<meta property=\"og:image\" content=\"https:\/\/smartdoor.sk\/wp-content\/uploads\/2021\/07\/88ece971773159bba099bf7c01f36934-productoverzicht-section-line-garagepoort-2.jpeg\" \/>\n\t<meta property=\"og:image:width\" content=\"583\" \/>\n\t<meta property=\"og:image:height\" content=\"460\" \/>\n\t<meta property=\"og:image:type\" content=\"image\/jpeg\" \/>\n<meta name=\"author\" content=\"Admin\" \/>\n<meta name=\"twitter:card\" content=\"summary_large_image\" \/>\n<meta name=\"twitter:label1\" content=\"Szerz\u0151:\" \/>\n\t<meta name=\"twitter:data1\" content=\"Admin\" \/>\n\t<meta name=\"twitter:label2\" content=\"Becs\u00fclt olvas\u00e1si id\u0151\" \/>\n\t<meta name=\"twitter:data2\" content=\"4 perc\" \/>\n<script type=\"application\/ld+json\" class=\"yoast-schema-graph\">{\"@context\":\"https:\/\/schema.org\",\"@graph\":[{\"@type\":\"Article\",\"@id\":\"https:\/\/smartdoor.sk\/hu\/5-lepes-a-szekcionalt-garazskapu-kivalasztasakor\/#article\",\"isPartOf\":{\"@id\":\"https:\/\/smartdoor.sk\/hu\/5-lepes-a-szekcionalt-garazskapu-kivalasztasakor\/\"},\"author\":{\"name\":\"Admin\",\"@id\":\"https:\/\/smartdoor.sk\/hu\/#\/schema\/person\/034a973eb59ea934d37dcf8e81992951\"},\"headline\":\"5 l\u00e9p\u00e9s a szekcion\u00e1lt gar\u00e1zskapu kiv\u00e1laszt\u00e1sakor\",\"datePublished\":\"2024-03-27T15:43:40+00:00\",\"dateModified\":\"2024-03-27T15:43:44+00:00\",\"mainEntityOfPage\":{\"@id\":\"https:\/\/smartdoor.sk\/hu\/5-lepes-a-szekcionalt-garazskapu-kivalasztasakor\/\"},\"wordCount\":899,\"publisher\":{\"@id\":\"https:\/\/smartdoor.sk\/hu\/#organization\"},\"image\":{\"@id\":\"https:\/\/smartdoor.sk\/hu\/5-lepes-a-szekcionalt-garazskapu-kivalasztasakor\/#primaryimage\"},\"thumbnailUrl\":\"https:\/\/smartdoor.sk\/wp-content\/uploads\/2021\/07\/88ece971773159bba099bf7c01f36934-productoverzicht-section-line-garagepoort-2.jpeg\",\"keywords\":[\"intelligens ajt\u00f3\",\"Olympus ajt\u00f3\"],\"articleSection\":[\"Gar\u00e1zskapuk\"],\"inLanguage\":\"hu\"},{\"@type\":\"WebPage\",\"@id\":\"https:\/\/smartdoor.sk\/hu\/5-lepes-a-szekcionalt-garazskapu-kivalasztasakor\/\",\"url\":\"https:\/\/smartdoor.sk\/hu\/5-lepes-a-szekcionalt-garazskapu-kivalasztasakor\/\",\"name\":\"5 l\u00e9p\u00e9s a szekcion\u00e1lt gar\u00e1zskapu kiv\u00e1laszt\u00e1sakor - Smartdoor\",\"isPartOf\":{\"@id\":\"https:\/\/smartdoor.sk\/hu\/#website\"},\"primaryImageOfPage\":{\"@id\":\"https:\/\/smartdoor.sk\/hu\/5-lepes-a-szekcionalt-garazskapu-kivalasztasakor\/#primaryimage\"},\"image\":{\"@id\":\"https:\/\/smartdoor.sk\/hu\/5-lepes-a-szekcionalt-garazskapu-kivalasztasakor\/#primaryimage\"},\"thumbnailUrl\":\"https:\/\/smartdoor.sk\/wp-content\/uploads\/2021\/07\/88ece971773159bba099bf7c01f36934-productoverzicht-section-line-garagepoort-2.jpeg\",\"datePublished\":\"2024-03-27T15:43:40+00:00\",\"dateModified\":\"2024-03-27T15:43:44+00:00\",\"description\":\"Szekcion\u00e1lt gar\u00e1zskapu - az ajt\u00f3 kiv\u00e1laszt\u00e1s\u00e1nak felt\u00e9teleit az \u00d6n ig\u00e9nyei hat\u00e1rozz\u00e1k meg. V\u00e1lassza ki a kapu megfelel\u0151 m\u00e9ret\u00e9t, sz\u00edn\u00e9t \u00e9s kialak\u00edt\u00e1s\u00e1t.\",\"breadcrumb\":{\"@id\":\"https:\/\/smartdoor.sk\/hu\/5-lepes-a-szekcionalt-garazskapu-kivalasztasakor\/#breadcrumb\"},\"inLanguage\":\"hu\",\"potentialAction\":[{\"@type\":\"ReadAction\",\"target\":[\"https:\/\/smartdoor.sk\/hu\/5-lepes-a-szekcionalt-garazskapu-kivalasztasakor\/\"]}]},{\"@type\":\"ImageObject\",\"inLanguage\":\"hu\",\"@id\":\"https:\/\/smartdoor.sk\/hu\/5-lepes-a-szekcionalt-garazskapu-kivalasztasakor\/#primaryimage\",\"url\":\"https:\/\/smartdoor.sk\/wp-content\/uploads\/2021\/07\/88ece971773159bba099bf7c01f36934-productoverzicht-section-line-garagepoort-2.jpeg\",\"contentUrl\":\"https:\/\/smartdoor.sk\/wp-content\/uploads\/2021\/07\/88ece971773159bba099bf7c01f36934-productoverzicht-section-line-garagepoort-2.jpeg\",\"width\":583,\"height\":460},{\"@type\":\"BreadcrumbList\",\"@id\":\"https:\/\/smartdoor.sk\/hu\/5-lepes-a-szekcionalt-garazskapu-kivalasztasakor\/#breadcrumb\",\"itemListElement\":[{\"@type\":\"ListItem\",\"position\":1,\"name\":\"Domovsk\u00e1 str\u00e1nka\",\"item\":\"https:\/\/smartdoor.sk\/hu\/\"},{\"@type\":\"ListItem\",\"position\":2,\"name\":\"5 l\u00e9p\u00e9s a szekcion\u00e1lt gar\u00e1zskapu kiv\u00e1laszt\u00e1sakor\"}]},{\"@type\":\"WebSite\",\"@id\":\"https:\/\/smartdoor.sk\/hu\/#website\",\"url\":\"https:\/\/smartdoor.sk\/hu\/\",\"name\":\"Smartdoor\",\"description\":\"M\u00fadre rie\u0161enia pre gar\u00e1\u017eov\u00e9 br\u00e1ny\",\"publisher\":{\"@id\":\"https:\/\/smartdoor.sk\/hu\/#organization\"},\"potentialAction\":[{\"@type\":\"SearchAction\",\"target\":{\"@type\":\"EntryPoint\",\"urlTemplate\":\"https:\/\/smartdoor.sk\/hu\/?s={search_term_string}\"},\"query-input\":{\"@type\":\"PropertyValueSpecification\",\"valueRequired\":true,\"valueName\":\"search_term_string\"}}],\"inLanguage\":\"hu\"},{\"@type\":\"Organization\",\"@id\":\"https:\/\/smartdoor.sk\/hu\/#organization\",\"name\":\"Smartdoor\",\"url\":\"https:\/\/smartdoor.sk\/hu\/\",\"logo\":{\"@type\":\"ImageObject\",\"inLanguage\":\"hu\",\"@id\":\"https:\/\/smartdoor.sk\/hu\/#\/schema\/logo\/image\/\",\"url\":\"https:\/\/smartdoor.sk\/wp-content\/uploads\/2023\/03\/SmartDoorLogo.png\",\"contentUrl\":\"https:\/\/smartdoor.sk\/wp-content\/uploads\/2023\/03\/SmartDoorLogo.png\",\"width\":1500,\"height\":902,\"caption\":\"Smartdoor\"},\"image\":{\"@id\":\"https:\/\/smartdoor.sk\/hu\/#\/schema\/logo\/image\/\"}},{\"@type\":\"Person\",\"@id\":\"https:\/\/smartdoor.sk\/hu\/#\/schema\/person\/034a973eb59ea934d37dcf8e81992951\",\"name\":\"Admin\",\"image\":{\"@type\":\"ImageObject\",\"inLanguage\":\"hu\",\"@id\":\"https:\/\/secure.gravatar.com\/avatar\/fadd648051bd2f4e131ea1f1fb5201ed7b94bddc3db6ca3ebfe77f8802bc6eb4?s=96&d=mm&r=g\",\"url\":\"https:\/\/secure.gravatar.com\/avatar\/fadd648051bd2f4e131ea1f1fb5201ed7b94bddc3db6ca3ebfe77f8802bc6eb4?s=96&d=mm&r=g\",\"contentUrl\":\"https:\/\/secure.gravatar.com\/avatar\/fadd648051bd2f4e131ea1f1fb5201ed7b94bddc3db6ca3ebfe77f8802bc6eb4?s=96&d=mm&r=g\",\"caption\":\"Admin\"},\"url\":\"https:\/\/smartdoor.sk\/hu\/author\/admin\/\"}]}<\/script>\n<!-- \/ Yoast SEO Premium plugin. -->","yoast_head_json":{"title":"5 l\u00e9p\u00e9s a szekcion\u00e1lt gar\u00e1zskapu kiv\u00e1laszt\u00e1sakor - Smartdoor","description":"Szekcion\u00e1lt gar\u00e1zskapu - az ajt\u00f3 kiv\u00e1laszt\u00e1s\u00e1nak felt\u00e9teleit az \u00d6n ig\u00e9nyei hat\u00e1rozz\u00e1k meg. V\u00e1lassza ki a kapu megfelel\u0151 m\u00e9ret\u00e9t, sz\u00edn\u00e9t \u00e9s kialak\u00edt\u00e1s\u00e1t.","robots":{"index":"index","follow":"follow","max-snippet":"max-snippet:-1","max-image-preview":"max-image-preview:large","max-video-preview":"max-video-preview:-1"},"canonical":"https:\/\/smartdoor.sk\/hu\/5-lepes-a-szekcionalt-garazskapu-kivalasztasakor\/","og_locale":"hu_HU","og_type":"article","og_title":"5 l\u00e9p\u00e9s a szekcion\u00e1lt gar\u00e1zskapu kiv\u00e1laszt\u00e1sakor","og_description":"Szekcion\u00e1lt gar\u00e1zskapu - az ajt\u00f3 kiv\u00e1laszt\u00e1s\u00e1nak felt\u00e9teleit az \u00d6n ig\u00e9nyei hat\u00e1rozz\u00e1k meg. V\u00e1lassza ki a kapu megfelel\u0151 m\u00e9ret\u00e9t, sz\u00edn\u00e9t \u00e9s kialak\u00edt\u00e1s\u00e1t.","og_url":"https:\/\/smartdoor.sk\/hu\/5-lepes-a-szekcionalt-garazskapu-kivalasztasakor\/","og_site_name":"Smartdoor","article_published_time":"2024-03-27T15:43:40+00:00","article_modified_time":"2024-03-27T15:43:44+00:00","og_image":[{"width":583,"height":460,"url":"https:\/\/smartdoor.sk\/wp-content\/uploads\/2021\/07\/88ece971773159bba099bf7c01f36934-productoverzicht-section-line-garagepoort-2.jpeg","type":"image\/jpeg"}],"author":"Admin","twitter_card":"summary_large_image","twitter_misc":{"Szerz\u0151:":"Admin","Becs\u00fclt olvas\u00e1si id\u0151":"4 perc"},"schema":{"@context":"https:\/\/schema.org","@graph":[{"@type":"Article","@id":"https:\/\/smartdoor.sk\/hu\/5-lepes-a-szekcionalt-garazskapu-kivalasztasakor\/#article","isPartOf":{"@id":"https:\/\/smartdoor.sk\/hu\/5-lepes-a-szekcionalt-garazskapu-kivalasztasakor\/"},"author":{"name":"Admin","@id":"https:\/\/smartdoor.sk\/hu\/#\/schema\/person\/034a973eb59ea934d37dcf8e81992951"},"headline":"5 l\u00e9p\u00e9s a szekcion\u00e1lt gar\u00e1zskapu kiv\u00e1laszt\u00e1sakor","datePublished":"2024-03-27T15:43:40+00:00","dateModified":"2024-03-27T15:43:44+00:00","mainEntityOfPage":{"@id":"https:\/\/smartdoor.sk\/hu\/5-lepes-a-szekcionalt-garazskapu-kivalasztasakor\/"},"wordCount":899,"publisher":{"@id":"https:\/\/smartdoor.sk\/hu\/#organization"},"image":{"@id":"https:\/\/smartdoor.sk\/hu\/5-lepes-a-szekcionalt-garazskapu-kivalasztasakor\/#primaryimage"},"thumbnailUrl":"https:\/\/smartdoor.sk\/wp-content\/uploads\/2021\/07\/88ece971773159bba099bf7c01f36934-productoverzicht-section-line-garagepoort-2.jpeg","keywords":["intelligens ajt\u00f3","Olympus ajt\u00f3"],"articleSection":["Gar\u00e1zskapuk"],"inLanguage":"hu"},{"@type":"WebPage","@id":"https:\/\/smartdoor.sk\/hu\/5-lepes-a-szekcionalt-garazskapu-kivalasztasakor\/","url":"https:\/\/smartdoor.sk\/hu\/5-lepes-a-szekcionalt-garazskapu-kivalasztasakor\/","name":"5 l\u00e9p\u00e9s a szekcion\u00e1lt gar\u00e1zskapu kiv\u00e1laszt\u00e1sakor - Smartdoor","isPartOf":{"@id":"https:\/\/smartdoor.sk\/hu\/#website"},"primaryImageOfPage":{"@id":"https:\/\/smartdoor.sk\/hu\/5-lepes-a-szekcionalt-garazskapu-kivalasztasakor\/#primaryimage"},"image":{"@id":"https:\/\/smartdoor.sk\/hu\/5-lepes-a-szekcionalt-garazskapu-kivalasztasakor\/#primaryimage"},"thumbnailUrl":"https:\/\/smartdoor.sk\/wp-content\/uploads\/2021\/07\/88ece971773159bba099bf7c01f36934-productoverzicht-section-line-garagepoort-2.jpeg","datePublished":"2024-03-27T15:43:40+00:00","dateModified":"2024-03-27T15:43:44+00:00","description":"Szekcion\u00e1lt gar\u00e1zskapu - az ajt\u00f3 kiv\u00e1laszt\u00e1s\u00e1nak felt\u00e9teleit az \u00d6n ig\u00e9nyei hat\u00e1rozz\u00e1k meg. V\u00e1lassza ki a kapu megfelel\u0151 m\u00e9ret\u00e9t, sz\u00edn\u00e9t \u00e9s kialak\u00edt\u00e1s\u00e1t.","breadcrumb":{"@id":"https:\/\/smartdoor.sk\/hu\/5-lepes-a-szekcionalt-garazskapu-kivalasztasakor\/#breadcrumb"},"inLanguage":"hu","potentialAction":[{"@type":"ReadAction","target":["https:\/\/smartdoor.sk\/hu\/5-lepes-a-szekcionalt-garazskapu-kivalasztasakor\/"]}]},{"@type":"ImageObject","inLanguage":"hu","@id":"https:\/\/smartdoor.sk\/hu\/5-lepes-a-szekcionalt-garazskapu-kivalasztasakor\/#primaryimage","url":"https:\/\/smartdoor.sk\/wp-content\/uploads\/2021\/07\/88ece971773159bba099bf7c01f36934-productoverzicht-section-line-garagepoort-2.jpeg","contentUrl":"https:\/\/smartdoor.sk\/wp-content\/uploads\/2021\/07\/88ece971773159bba099bf7c01f36934-productoverzicht-section-line-garagepoort-2.jpeg","width":583,"height":460},{"@type":"BreadcrumbList","@id":"https:\/\/smartdoor.sk\/hu\/5-lepes-a-szekcionalt-garazskapu-kivalasztasakor\/#breadcrumb","itemListElement":[{"@type":"ListItem","position":1,"name":"Domovsk\u00e1 str\u00e1nka","item":"https:\/\/smartdoor.sk\/hu\/"},{"@type":"ListItem","position":2,"name":"5 l\u00e9p\u00e9s a szekcion\u00e1lt gar\u00e1zskapu kiv\u00e1laszt\u00e1sakor"}]},{"@type":"WebSite","@id":"https:\/\/smartdoor.sk\/hu\/#website","url":"https:\/\/smartdoor.sk\/hu\/","name":"Smartdoor","description":"M\u00fadre rie\u0161enia pre gar\u00e1\u017eov\u00e9 br\u00e1ny","publisher":{"@id":"https:\/\/smartdoor.sk\/hu\/#organization"},"potentialAction":[{"@type":"SearchAction","target":{"@type":"EntryPoint","urlTemplate":"https:\/\/smartdoor.sk\/hu\/?s={search_term_string}"},"query-input":{"@type":"PropertyValueSpecification","valueRequired":true,"valueName":"search_term_string"}}],"inLanguage":"hu"},{"@type":"Organization","@id":"https:\/\/smartdoor.sk\/hu\/#organization","name":"Smartdoor","url":"https:\/\/smartdoor.sk\/hu\/","logo":{"@type":"ImageObject","inLanguage":"hu","@id":"https:\/\/smartdoor.sk\/hu\/#\/schema\/logo\/image\/","url":"https:\/\/smartdoor.sk\/wp-content\/uploads\/2023\/03\/SmartDoorLogo.png","contentUrl":"https:\/\/smartdoor.sk\/wp-content\/uploads\/2023\/03\/SmartDoorLogo.png","width":1500,"height":902,"caption":"Smartdoor"},"image":{"@id":"https:\/\/smartdoor.sk\/hu\/#\/schema\/logo\/image\/"}},{"@type":"Person","@id":"https:\/\/smartdoor.sk\/hu\/#\/schema\/person\/034a973eb59ea934d37dcf8e81992951","name":"Admin","image":{"@type":"ImageObject","inLanguage":"hu","@id":"https:\/\/secure.gravatar.com\/avatar\/fadd648051bd2f4e131ea1f1fb5201ed7b94bddc3db6ca3ebfe77f8802bc6eb4?s=96&d=mm&r=g","url":"https:\/\/secure.gravatar.com\/avatar\/fadd648051bd2f4e131ea1f1fb5201ed7b94bddc3db6ca3ebfe77f8802bc6eb4?s=96&d=mm&r=g","contentUrl":"https:\/\/secure.gravatar.com\/avatar\/fadd648051bd2f4e131ea1f1fb5201ed7b94bddc3db6ca3ebfe77f8802bc6eb4?s=96&d=mm&r=g","caption":"Admin"},"url":"https:\/\/smartdoor.sk\/hu\/author\/admin\/"}]}},"_links":{"self":[{"href":"https:\/\/smartdoor.sk\/hu\/wp-json\/wp\/v2\/posts\/13711","targetHints":{"allow":["GET"]}}],"collection":[{"href":"https:\/\/smartdoor.sk\/hu\/wp-json\/wp\/v2\/posts"}],"about":[{"href":"https:\/\/smartdoor.sk\/hu\/wp-json\/wp\/v2\/types\/post"}],"author":[{"embeddable":true,"href":"https:\/\/smartdoor.sk\/hu\/wp-json\/wp\/v2\/users\/3"}],"replies":[{"embeddable":true,"href":"https:\/\/smartdoor.sk\/hu\/wp-json\/wp\/v2\/comments?post=13711"}],"version-history":[{"count":4,"href":"https:\/\/smartdoor.sk\/hu\/wp-json\/wp\/v2\/posts\/13711\/revisions"}],"predecessor-version":[{"id":13736,"href":"https:\/\/smartdoor.sk\/hu\/wp-json\/wp\/v2\/posts\/13711\/revisions\/13736"}],"wp:featuredmedia":[{"embeddable":true,"href":"https:\/\/smartdoor.sk\/hu\/wp-json\/wp\/v2\/media\/12662"}],"wp:attachment":[{"href":"https:\/\/smartdoor.sk\/hu\/wp-json\/wp\/v2\/media?parent=13711"}],"wp:term":[{"taxonomy":"category","embeddable":true,"href":"https:\/\/smartdoor.sk\/hu\/wp-json\/wp\/v2\/categories?post=13711"},{"taxonomy":"post_tag","embeddable":true,"href":"https:\/\/smartdoor.sk\/hu\/wp-json\/wp\/v2\/tags?post=13711"}],"curies":[{"name":"wp","href":"https:\/\/api.w.org\/{rel}","templated":true}]}}