{"id":13733,"date":"2024-03-27T16:43:41","date_gmt":"2024-03-27T15:43:41","guid":{"rendered":"https:\/\/www.smartdoor.sk\/a-fuggoleges-osszecsukhato-kapuk-szinte-mindenhol-alkalmasak\/"},"modified":"2024-03-27T16:43:42","modified_gmt":"2024-03-27T15:43:42","slug":"a-fuggoleges-osszecsukhato-kapuk-szinte-mindenhol-alkalmasak","status":"publish","type":"post","link":"https:\/\/smartdoor.sk\/hu\/a-fuggoleges-osszecsukhato-kapuk-szinte-mindenhol-alkalmasak\/","title":{"rendered":"A f\u00fcgg\u0151leges \u00f6sszecsukhat\u00f3 kapuk szinte mindenhol alkalmasak."},"content":{"rendered":"\n<h3 class=\"wp-block-heading\">F\u00fcgg\u0151leges \u00f6sszecsukhat\u00f3 kapuk<\/h3>\n\n<p>A f\u00fcgg\u0151leges \u00f6sszecsukhat\u00f3 ajt\u00f3k rendk\u00edv\u00fcl alkalmazkod\u00f3 ajt\u00f3t\u00edpusok. Alkalmasak t\u00falm\u00e9retes gar\u00e1zsny\u00edl\u00e1sok, <a href=\"%5C%22http:\/\/www.brany-priemyselne.sk\/aku-branu-si-vybrat-pre-firmu\/%5C%22\">ipari csarnokok \u00e9s \u00fczemek<\/a> felszerel\u00e9s\u00e9re is. Ha olyan l\u00e9tes\u00edtm\u00e9nye van, ahol t\u00falzott terheket kell sz\u00e1ll\u00edtani a bej\u00e1raton kereszt\u00fcl, akkor ez az ide\u00e1lis v\u00e1laszt\u00e1s az \u00d6n sz\u00e1m\u00e1ra. Alternat\u00edv megold\u00e1sk\u00e9nt, ha a <a href=\"%5C%22https:\/\/smartdoor.sk\/sk\/otazky\/%5C%22\">gar\u00e1zsny\u00edl\u00e1s k\u00f6r\u00fcl<\/a> nincs elegend\u0151 <a href=\"%5C%22https:\/\/smartdoor.sk\/sk\/otazky\/%5C%22\">hely<\/a> az ajt\u00f3s\u00edn-vezet\u0151k felszerel\u00e9s\u00e9hez. A szekcion\u00e1lt vagy <a href=\"%5C%22https:\/\/smartdoor.sk\/sk\/mdzcategories\/rolovacie-brany\/%5C%22\">g\u00f6rd\u00fcl\u0151ajt\u00f3k<\/a> minim\u00e1lis, de m\u00e9gis n\u00e9mi helyet ig\u00e9nyelnek a be\u00e9p\u00edt\u00e9shez. B\u00e1rmelyik j\u00f3 h\u00edr\u0171 gy\u00e1rt\u00f3 megadja \u00d6nnek az ilyen kapuk <a href=\"%5C%22https:\/\/smartdoor.sk\/sk\/garage-door-repair-sk\/%5C%22\">be\u00e9p\u00edt\u00e9s\u00e9nek felt\u00e9teleit <\/a>.<\/p>\n\n<h3 class=\"wp-block-heading\">F\u00fcgg\u0151leges \u00f6sszecsukhat\u00f3 kapuk telep\u00edt\u00e9se<\/h3>\n\n<p>A f\u00fcgg\u0151leges \u00f6sszecsukhat\u00f3 kapuk teljesen minim\u00e1lis szerkezeti \u00e1talak\u00edt\u00e1st ig\u00e9nyelnek. Alapvet\u0151en a v\u00e1llalkoz\u00f3 j\u00f6n \u00e9s telep\u00edti. Ezt a l\u00e9p\u00e9st azonban megel\u0151zi a sz\u00e1ll\u00edt\u00f3val folytatott megfelel\u0151 konzult\u00e1ci\u00f3. J\u00f3 \u00f6tlet, hogy konzult\u00e1ljon a ny\u00edl\u00e1s t\u00edpus\u00e1r\u00f3l, a szegmensek sz\u00e1m\u00e1r\u00f3l, a kapu \u00fcvegez\u00e9s\u00e9r\u0151l \u00e9s ne feledkezzen meg a kapu m\u0171k\u00f6dtet\u00e9s\u00e9r\u0151l sem. Ha a kaput t\u00e1voli helyr\u0151l kell fel\u00fcgyelnie \u00e9s vez\u00e9relnie, k\u00e9rje, hogy a m\u0171k\u00f6dtet\u0151 rendelkezzen <a href=\"%5C%22https:\/\/branyservis.sk\/pohony-bran\/%5C%22\">SMART funkci\u00f3val<\/a>. Ugyanakkor a kivitelez\u0151t\u0151l meg kell k\u00e9rni a kapu be\u00e9p\u00edt\u00e9s\u00e9hez sz\u00fcks\u00e9ges \u00e9p\u00edt\u00e9si m\u00f3dos\u00edt\u00e1sokat. Egyes v\u00e1llalkoz\u00f3k a sz\u00fcks\u00e9ges \u00e9p\u00fclet\u00e1talak\u00edt\u00e1sokat is elv\u00e9gzik, ebben az esetben k\u00e9rj\u00fck, k\u00e9rjen k\u00fcl\u00f6n <a href=\"%5C%22https:\/\/branyservis.sk\/branyservis\/%5C%22\">\u00e1raj\u00e1nlatot <\/a>. K\u00f6nnyebb lesz \u00f6sszehasonl\u00edtani a k\u00fcl\u00f6nb\u00f6z\u0151 sz\u00e1ll\u00edt\u00f3k \u00e1raj\u00e1nlatait.<\/p>\n\n<h3 class=\"wp-block-heading\">F\u00fcgg\u0151leges hajt\u00f3karos ajt\u00f3meghajt\u00f3k SMART funkci\u00f3val<\/h3>\n\n<p>A SMART funkci\u00f3kkal ell\u00e1tott gar\u00e1zskapu-meghajt\u00f3k biztos\u00edtj\u00e1k a kapu fel\u00fcgyelet\u00e9t \u00e9s vez\u00e9rl\u00e9s\u00e9t b\u00e1rmilyen t\u00e1vols\u00e1gb\u00f3l. Az okostelefon vagy sz\u00e1m\u00edt\u00f3g\u00e9p a router seg\u00edts\u00e9g\u00e9vel <a href=\"%5C%22http:\/\/brany-garazove.sk\/pohon-garazovej-brany\/%5C%22\">t\u00e1voli \u00e1tj\u00e1r\u00f3vez\u00e9rl\u0151k\u00e9nt<\/a> m\u0171k\u00f6dik. A router \u00e9s a program telep\u00edt\u00e9se a mobilba \u00e1ltal\u00e1ban intuit\u00edv, a gy\u00e1rt\u00f3k igyekeznek a lehet\u0151 legegyszer\u0171bb\u00e9 tenni. Minden esetben k\u00e9rje a beszerel\u00e9st \u00e9s a m\u0171k\u00f6d\u00e9s tesztel\u00e9s\u00e9t a beszerel\u0151t\u0151l vagy a kivitelez\u0151t\u0151l. Ha nincs sz\u00fcks\u00e9ge a kapuk t\u00e1voli helyekr\u0151l t\u00f6rt\u00e9n\u0151 m\u0171k\u00f6dtet\u00e9s\u00e9re, akkor egy egyszer\u0171 <a href=\"%5C%22https:\/\/smartdoor.sk\/sk\/mdzcategories\/pohony-priemyslenych-bran\/%5C%22\">ipari kapumozgat\u00f3<\/a> is elegend\u0151. Mindig k\u00e9rje a besz\u00e1ll\u00edt\u00f3j\u00e1t\u00f3l az ipari ajt\u00f3khoz val\u00f3 speci\u00e1lis meghajt\u00e1sokat. Ezek t\u00f6bb param\u00e9terben k\u00fcl\u00f6nb\u00f6znek a hagyom\u00e1nyos gar\u00e1zskapu m\u0171k\u00f6dtet\u0151kt\u0151l. Ezek k\u00fcl\u00f6n\u00f6sen olyan param\u00e9terek, amelyek biztos\u00edtj\u00e1k a felhaszn\u00e1l\u00f3k v\u00e9delm\u00e9t \u00e9s a meghajt\u00f3 v\u00e9delm\u00e9t a t\u00falterhel\u00e9ssel szemben a nagy forgalm\u00fa m\u0171veletek sor\u00e1n.<\/p>\n\n<h3 class=\"wp-block-heading\">Ipari f\u00fcgg\u0151leges \u00f6sszecsukhat\u00f3 gar\u00e1zskapuk<\/h3>\n\n<p>Az <a href=\"%5C%22http:\/\/www.brany-priemyselne.sk\/specialne-brany\/%5C%22\">ipari gar\u00e1zskapuk<\/a> t\u00f6bb lehet\u0151s\u00e9get k\u00edn\u00e1lnak a speci\u00e1lis funkci\u00f3k kiv\u00e1laszt\u00e1s\u00e1ban, mint a h\u00e1zak gar\u00e1zskapui<a href=\"%5C%22http:\/\/brany-garazove.sk\/garazova-brana-nie-je-len-investicia\/%5C%22\">(lak\u00f3h\u00e1zak gar\u00e1zskapui<\/a>). Az ilyen ajt\u00f3k \u00fcvegez\u00e9se a t\u00e9r megvil\u00e1g\u00edt\u00e1s\u00e1nak ig\u00e9nye szerint t\u00f6bbf\u00e9le v\u00e1ltozatban k\u00e9sz\u00fclhet. A nagym\u00e9ret\u0171 ipari kapuk eset\u00e9ben gyakori, hogy az \u00fan. szem\u00e9lyzeti ajt\u00f3. A kapun val\u00f3 \u00e1thalad\u00e1sra szolg\u00e1lnak an\u00e9lk\u00fcl, hogy a teljes kaput ki kellene nyitni. Ez k\u00edm\u00e9li a kapu mechanizmus\u00e1t, a kapu m\u0171k\u00f6dtet\u0151j\u00e9t, \u00e9s egy\u00fattal megakad\u00e1lyozza, hogy a h\u0151\/hideg behatoljon a kapu m\u00f6g\u00f6tti terekbe. <a href=\"%5C%22https:\/\/branyservis.sk\/priemyselne-brany\/%5C%22\">Ipari szekcion\u00e1lt<\/a> vagy <a href=\"%5C%22https:\/\/smartdoor.sk\/sk\/mdzcategories\/vertikalne-brany\/%5C%22\">f\u00fcgg\u0151legesen \u00f6sszecsukhat\u00f3<\/a>, elektromosan m\u0171k\u00f6dtetett <a href=\"%5C%22https:\/\/smartdoor.sk\/sk\/mdzcategories\/vertikalne-brany\/%5C%22\">kapu<\/a> haszn\u00e1lata eset\u00e9n felt\u00e9tlen\u00fcl sz\u00fcks\u00e9ges az \u00fan. biztons\u00e1gi r\u00fad a kapu alj\u00e1n. Ez a s\u00e1v optikai \u00e9rz\u00e9kel\u0151kkel \u00e9rz\u00e9keli a kapu nem k\u00edv\u00e1nt \u00fctk\u00f6z\u00e9s\u00e9t egy idegen t\u00e1rgyba, \u00e9s biztos\u00edtja a kapu azonnali meg\u00e1ll\u00edt\u00e1s\u00e1t vagy visszat\u00e9r\u00e9s\u00e9t az eredeti helyzet\u00e9be.<\/p>\n\n<p><\/p>\n","protected":false},"excerpt":{"rendered":"<p>Az ipari f\u00fcgg\u0151leges sz\u00e1rnyas ajt\u00f3k b\u00e1rmilyen \u00e9p\u00fcletbe illeszkednek. Az ipari kapuk n\u00e9pszer\u0171ek az \u00e9p\u00edt\u00e9szek k\u00f6r\u00e9ben, k\u00fcl\u00f6n\u00f6sen a nagym\u00e9ret\u0171ek.<\/p>\n","protected":false},"author":1,"featured_media":12773,"comment_status":"closed","ping_status":"open","sticky":false,"template":"","format":"standard","meta":{"_acf_changed":false,"site-sidebar-layout":"default","site-content-layout":"","ast-site-content-layout":"default","site-content-style":"default","site-sidebar-style":"default","ast-global-header-display":"","ast-banner-title-visibility":"","ast-main-header-display":"","ast-hfb-above-header-display":"","ast-hfb-below-header-display":"","ast-hfb-mobile-header-display":"","site-post-title":"","ast-breadcrumbs-content":"","ast-featured-img":"","footer-sml-layout":"","ast-disable-related-posts":"","theme-transparent-header-meta":"","adv-header-id-meta":"","stick-header-meta":"","header-above-stick-meta":"","header-main-stick-meta":"","header-below-stick-meta":"","astra-migrate-meta-layouts":"default","ast-page-background-enabled":"default","ast-page-background-meta":{"desktop":{"background-color":"","background-image":"","background-repeat":"repeat","background-position":"center center","background-size":"auto","background-attachment":"scroll","background-type":"","background-media":"","overlay-type":"","overlay-color":"","overlay-opacity":"","overlay-gradient":""},"tablet":{"background-color":"","background-image":"","background-repeat":"repeat","background-position":"center center","background-size":"auto","background-attachment":"scroll","background-type":"","background-media":"","overlay-type":"","overlay-color":"","overlay-opacity":"","overlay-gradient":""},"mobile":{"background-color":"","background-image":"","background-repeat":"repeat","background-position":"center center","background-size":"auto","background-attachment":"scroll","background-type":"","background-media":"","overlay-type":"","overlay-color":"","overlay-opacity":"","overlay-gradient":""}},"ast-content-background-meta":{"desktop":{"background-color":"var(--ast-global-color-5)","background-image":"","background-repeat":"repeat","background-position":"center center","background-size":"auto","background-attachment":"scroll","background-type":"","background-media":"","overlay-type":"","overlay-color":"","overlay-opacity":"","overlay-gradient":""},"tablet":{"background-color":"var(--ast-global-color-5)","background-image":"","background-repeat":"repeat","background-position":"center center","background-size":"auto","background-attachment":"scroll","background-type":"","background-media":"","overlay-type":"","overlay-color":"","overlay-opacity":"","overlay-gradient":""},"mobile":{"background-color":"var(--ast-global-color-5)","background-image":"","background-repeat":"repeat","background-position":"center center","background-size":"auto","background-attachment":"scroll","background-type":"","background-media":"","overlay-type":"","overlay-color":"","overlay-opacity":"","overlay-gradient":""}},"footnotes":""},"categories":[413],"tags":[466,451,453],"class_list":["post-13733","post","type-post","status-publish","format-standard","has-post-thumbnail","hentry","category-ipari-kapuk","tag-becker-hu","tag-giesse-hu","tag-intelligens-ajto"],"acf":[],"yoast_head":"<!-- This site is optimized with the Yoast SEO Premium plugin v26.2 (Yoast SEO v27.2) - https:\/\/yoast.com\/product\/yoast-seo-premium-wordpress\/ -->\n<title>A f\u00fcgg\u0151leges \u00f6sszecsukhat\u00f3 kapuk szinte mindenhol alkalmasak. - Smartdoor<\/title>\n<meta name=\"description\" content=\"F\u00fcgg\u0151leges \u00f6sszecsukhat\u00f3 ajt\u00f3k v\u00e1ltoz\u00f3 gar\u00e1zskapuk, amelyek b\u00e1rmilyen helyis\u00e9gbe illeszkednek. Ott is telep\u00edthet\u0151k, ahol a k\u00f6r\u00fclm\u00e9nyek kih\u00edv\u00e1st jelentenek.\" \/>\n<meta name=\"robots\" content=\"index, follow, max-snippet:-1, max-image-preview:large, max-video-preview:-1\" \/>\n<link rel=\"canonical\" href=\"https:\/\/smartdoor.sk\/hu\/a-fuggoleges-osszecsukhato-kapuk-szinte-mindenhol-alkalmasak\/\" \/>\n<meta property=\"og:locale\" content=\"hu_HU\" \/>\n<meta property=\"og:type\" content=\"article\" \/>\n<meta property=\"og:title\" content=\"A f\u00fcgg\u0151leges \u00f6sszecsukhat\u00f3 kapuk szinte mindenhol alkalmasak.\" \/>\n<meta property=\"og:description\" content=\"F\u00fcgg\u0151leges \u00f6sszecsukhat\u00f3 ajt\u00f3k v\u00e1ltoz\u00f3 gar\u00e1zskapuk, amelyek b\u00e1rmilyen helyis\u00e9gbe illeszkednek. Ott is telep\u00edthet\u0151k, ahol a k\u00f6r\u00fclm\u00e9nyek kih\u00edv\u00e1st jelentenek.\" \/>\n<meta property=\"og:url\" content=\"https:\/\/smartdoor.sk\/hu\/a-fuggoleges-osszecsukhato-kapuk-szinte-mindenhol-alkalmasak\/\" \/>\n<meta property=\"og:site_name\" content=\"Smartdoor\" \/>\n<meta property=\"article:published_time\" content=\"2024-03-27T15:43:41+00:00\" \/>\n<meta property=\"article:modified_time\" content=\"2024-03-27T15:43:42+00:00\" \/>\n<meta property=\"og:image\" content=\"https:\/\/smartdoor.sk\/wp-content\/uploads\/2021\/03\/100_1941_202073154247-scaled-1.jpeg\" \/>\n\t<meta property=\"og:image:width\" content=\"2560\" \/>\n\t<meta property=\"og:image:height\" content=\"1915\" \/>\n\t<meta property=\"og:image:type\" content=\"image\/jpeg\" \/>\n<meta name=\"author\" content=\"SmartAdmin\" \/>\n<meta name=\"twitter:card\" content=\"summary_large_image\" \/>\n<meta name=\"twitter:label1\" content=\"Szerz\u0151:\" \/>\n\t<meta name=\"twitter:data1\" content=\"SmartAdmin\" \/>\n\t<meta name=\"twitter:label2\" content=\"Becs\u00fclt olvas\u00e1si id\u0151\" \/>\n\t<meta name=\"twitter:data2\" content=\"4 perc\" \/>\n<script type=\"application\/ld+json\" class=\"yoast-schema-graph\">{\"@context\":\"https:\/\/schema.org\",\"@graph\":[{\"@type\":\"Article\",\"@id\":\"https:\/\/smartdoor.sk\/hu\/a-fuggoleges-osszecsukhato-kapuk-szinte-mindenhol-alkalmasak\/#article\",\"isPartOf\":{\"@id\":\"https:\/\/smartdoor.sk\/hu\/a-fuggoleges-osszecsukhato-kapuk-szinte-mindenhol-alkalmasak\/\"},\"author\":{\"name\":\"SmartAdmin\",\"@id\":\"https:\/\/smartdoor.sk\/hu\/#\/schema\/person\/d892853bce1ea8552a533145ce6a8b46\"},\"headline\":\"A f\u00fcgg\u0151leges \u00f6sszecsukhat\u00f3 kapuk szinte mindenhol alkalmasak.\",\"datePublished\":\"2024-03-27T15:43:41+00:00\",\"dateModified\":\"2024-03-27T15:43:42+00:00\",\"mainEntityOfPage\":{\"@id\":\"https:\/\/smartdoor.sk\/hu\/a-fuggoleges-osszecsukhato-kapuk-szinte-mindenhol-alkalmasak\/\"},\"wordCount\":745,\"publisher\":{\"@id\":\"https:\/\/smartdoor.sk\/hu\/#organization\"},\"image\":{\"@id\":\"https:\/\/smartdoor.sk\/hu\/a-fuggoleges-osszecsukhato-kapuk-szinte-mindenhol-alkalmasak\/#primaryimage\"},\"thumbnailUrl\":\"https:\/\/smartdoor.sk\/wp-content\/uploads\/2021\/03\/100_1941_202073154247-scaled-1.jpeg\",\"keywords\":[\"becker\",\"giesse\",\"intelligens ajt\u00f3\"],\"articleSection\":[\"Iparikapuk\"],\"inLanguage\":\"hu\"},{\"@type\":\"WebPage\",\"@id\":\"https:\/\/smartdoor.sk\/hu\/a-fuggoleges-osszecsukhato-kapuk-szinte-mindenhol-alkalmasak\/\",\"url\":\"https:\/\/smartdoor.sk\/hu\/a-fuggoleges-osszecsukhato-kapuk-szinte-mindenhol-alkalmasak\/\",\"name\":\"A f\u00fcgg\u0151leges \u00f6sszecsukhat\u00f3 kapuk szinte mindenhol alkalmasak. - Smartdoor\",\"isPartOf\":{\"@id\":\"https:\/\/smartdoor.sk\/hu\/#website\"},\"primaryImageOfPage\":{\"@id\":\"https:\/\/smartdoor.sk\/hu\/a-fuggoleges-osszecsukhato-kapuk-szinte-mindenhol-alkalmasak\/#primaryimage\"},\"image\":{\"@id\":\"https:\/\/smartdoor.sk\/hu\/a-fuggoleges-osszecsukhato-kapuk-szinte-mindenhol-alkalmasak\/#primaryimage\"},\"thumbnailUrl\":\"https:\/\/smartdoor.sk\/wp-content\/uploads\/2021\/03\/100_1941_202073154247-scaled-1.jpeg\",\"datePublished\":\"2024-03-27T15:43:41+00:00\",\"dateModified\":\"2024-03-27T15:43:42+00:00\",\"description\":\"F\u00fcgg\u0151leges \u00f6sszecsukhat\u00f3 ajt\u00f3k v\u00e1ltoz\u00f3 gar\u00e1zskapuk, amelyek b\u00e1rmilyen helyis\u00e9gbe illeszkednek. Ott is telep\u00edthet\u0151k, ahol a k\u00f6r\u00fclm\u00e9nyek kih\u00edv\u00e1st jelentenek.\",\"breadcrumb\":{\"@id\":\"https:\/\/smartdoor.sk\/hu\/a-fuggoleges-osszecsukhato-kapuk-szinte-mindenhol-alkalmasak\/#breadcrumb\"},\"inLanguage\":\"hu\",\"potentialAction\":[{\"@type\":\"ReadAction\",\"target\":[\"https:\/\/smartdoor.sk\/hu\/a-fuggoleges-osszecsukhato-kapuk-szinte-mindenhol-alkalmasak\/\"]}]},{\"@type\":\"ImageObject\",\"inLanguage\":\"hu\",\"@id\":\"https:\/\/smartdoor.sk\/hu\/a-fuggoleges-osszecsukhato-kapuk-szinte-mindenhol-alkalmasak\/#primaryimage\",\"url\":\"https:\/\/smartdoor.sk\/wp-content\/uploads\/2021\/03\/100_1941_202073154247-scaled-1.jpeg\",\"contentUrl\":\"https:\/\/smartdoor.sk\/wp-content\/uploads\/2021\/03\/100_1941_202073154247-scaled-1.jpeg\",\"width\":2560,\"height\":1915,\"caption\":\"vertik\u00e1lne skladacia br\u00e1na\"},{\"@type\":\"BreadcrumbList\",\"@id\":\"https:\/\/smartdoor.sk\/hu\/a-fuggoleges-osszecsukhato-kapuk-szinte-mindenhol-alkalmasak\/#breadcrumb\",\"itemListElement\":[{\"@type\":\"ListItem\",\"position\":1,\"name\":\"Domovsk\u00e1 str\u00e1nka\",\"item\":\"https:\/\/smartdoor.sk\/hu\/\"},{\"@type\":\"ListItem\",\"position\":2,\"name\":\"A f\u00fcgg\u0151leges \u00f6sszecsukhat\u00f3 kapuk szinte mindenhol alkalmasak.\"}]},{\"@type\":\"WebSite\",\"@id\":\"https:\/\/smartdoor.sk\/hu\/#website\",\"url\":\"https:\/\/smartdoor.sk\/hu\/\",\"name\":\"Smartdoor\",\"description\":\"M\u00fadre rie\u0161enia pre gar\u00e1\u017eov\u00e9 br\u00e1ny\",\"publisher\":{\"@id\":\"https:\/\/smartdoor.sk\/hu\/#organization\"},\"potentialAction\":[{\"@type\":\"SearchAction\",\"target\":{\"@type\":\"EntryPoint\",\"urlTemplate\":\"https:\/\/smartdoor.sk\/hu\/?s={search_term_string}\"},\"query-input\":{\"@type\":\"PropertyValueSpecification\",\"valueRequired\":true,\"valueName\":\"search_term_string\"}}],\"inLanguage\":\"hu\"},{\"@type\":\"Organization\",\"@id\":\"https:\/\/smartdoor.sk\/hu\/#organization\",\"name\":\"Smartdoor\",\"url\":\"https:\/\/smartdoor.sk\/hu\/\",\"logo\":{\"@type\":\"ImageObject\",\"inLanguage\":\"hu\",\"@id\":\"https:\/\/smartdoor.sk\/hu\/#\/schema\/logo\/image\/\",\"url\":\"https:\/\/smartdoor.sk\/wp-content\/uploads\/2023\/03\/SmartDoorLogo.png\",\"contentUrl\":\"https:\/\/smartdoor.sk\/wp-content\/uploads\/2023\/03\/SmartDoorLogo.png\",\"width\":1500,\"height\":902,\"caption\":\"Smartdoor\"},\"image\":{\"@id\":\"https:\/\/smartdoor.sk\/hu\/#\/schema\/logo\/image\/\"}},{\"@type\":\"Person\",\"@id\":\"https:\/\/smartdoor.sk\/hu\/#\/schema\/person\/d892853bce1ea8552a533145ce6a8b46\",\"name\":\"SmartAdmin\",\"image\":{\"@type\":\"ImageObject\",\"inLanguage\":\"hu\",\"@id\":\"https:\/\/secure.gravatar.com\/avatar\/57e7d1870c117a4e7f33c0a3aca2a6eed84a8a671f6e7de363df71556bad22c5?s=96&d=mm&r=g\",\"url\":\"https:\/\/secure.gravatar.com\/avatar\/57e7d1870c117a4e7f33c0a3aca2a6eed84a8a671f6e7de363df71556bad22c5?s=96&d=mm&r=g\",\"contentUrl\":\"https:\/\/secure.gravatar.com\/avatar\/57e7d1870c117a4e7f33c0a3aca2a6eed84a8a671f6e7de363df71556bad22c5?s=96&d=mm&r=g\",\"caption\":\"SmartAdmin\"},\"url\":\"https:\/\/smartdoor.sk\/hu\/author\/smartadmin\/\"}]}<\/script>\n<!-- \/ Yoast SEO Premium plugin. -->","yoast_head_json":{"title":"A f\u00fcgg\u0151leges \u00f6sszecsukhat\u00f3 kapuk szinte mindenhol alkalmasak. - Smartdoor","description":"F\u00fcgg\u0151leges \u00f6sszecsukhat\u00f3 ajt\u00f3k v\u00e1ltoz\u00f3 gar\u00e1zskapuk, amelyek b\u00e1rmilyen helyis\u00e9gbe illeszkednek. Ott is telep\u00edthet\u0151k, ahol a k\u00f6r\u00fclm\u00e9nyek kih\u00edv\u00e1st jelentenek.","robots":{"index":"index","follow":"follow","max-snippet":"max-snippet:-1","max-image-preview":"max-image-preview:large","max-video-preview":"max-video-preview:-1"},"canonical":"https:\/\/smartdoor.sk\/hu\/a-fuggoleges-osszecsukhato-kapuk-szinte-mindenhol-alkalmasak\/","og_locale":"hu_HU","og_type":"article","og_title":"A f\u00fcgg\u0151leges \u00f6sszecsukhat\u00f3 kapuk szinte mindenhol alkalmasak.","og_description":"F\u00fcgg\u0151leges \u00f6sszecsukhat\u00f3 ajt\u00f3k v\u00e1ltoz\u00f3 gar\u00e1zskapuk, amelyek b\u00e1rmilyen helyis\u00e9gbe illeszkednek. Ott is telep\u00edthet\u0151k, ahol a k\u00f6r\u00fclm\u00e9nyek kih\u00edv\u00e1st jelentenek.","og_url":"https:\/\/smartdoor.sk\/hu\/a-fuggoleges-osszecsukhato-kapuk-szinte-mindenhol-alkalmasak\/","og_site_name":"Smartdoor","article_published_time":"2024-03-27T15:43:41+00:00","article_modified_time":"2024-03-27T15:43:42+00:00","og_image":[{"width":2560,"height":1915,"url":"https:\/\/smartdoor.sk\/wp-content\/uploads\/2021\/03\/100_1941_202073154247-scaled-1.jpeg","type":"image\/jpeg"}],"author":"SmartAdmin","twitter_card":"summary_large_image","twitter_misc":{"Szerz\u0151:":"SmartAdmin","Becs\u00fclt olvas\u00e1si id\u0151":"4 perc"},"schema":{"@context":"https:\/\/schema.org","@graph":[{"@type":"Article","@id":"https:\/\/smartdoor.sk\/hu\/a-fuggoleges-osszecsukhato-kapuk-szinte-mindenhol-alkalmasak\/#article","isPartOf":{"@id":"https:\/\/smartdoor.sk\/hu\/a-fuggoleges-osszecsukhato-kapuk-szinte-mindenhol-alkalmasak\/"},"author":{"name":"SmartAdmin","@id":"https:\/\/smartdoor.sk\/hu\/#\/schema\/person\/d892853bce1ea8552a533145ce6a8b46"},"headline":"A f\u00fcgg\u0151leges \u00f6sszecsukhat\u00f3 kapuk szinte mindenhol alkalmasak.","datePublished":"2024-03-27T15:43:41+00:00","dateModified":"2024-03-27T15:43:42+00:00","mainEntityOfPage":{"@id":"https:\/\/smartdoor.sk\/hu\/a-fuggoleges-osszecsukhato-kapuk-szinte-mindenhol-alkalmasak\/"},"wordCount":745,"publisher":{"@id":"https:\/\/smartdoor.sk\/hu\/#organization"},"image":{"@id":"https:\/\/smartdoor.sk\/hu\/a-fuggoleges-osszecsukhato-kapuk-szinte-mindenhol-alkalmasak\/#primaryimage"},"thumbnailUrl":"https:\/\/smartdoor.sk\/wp-content\/uploads\/2021\/03\/100_1941_202073154247-scaled-1.jpeg","keywords":["becker","giesse","intelligens ajt\u00f3"],"articleSection":["Iparikapuk"],"inLanguage":"hu"},{"@type":"WebPage","@id":"https:\/\/smartdoor.sk\/hu\/a-fuggoleges-osszecsukhato-kapuk-szinte-mindenhol-alkalmasak\/","url":"https:\/\/smartdoor.sk\/hu\/a-fuggoleges-osszecsukhato-kapuk-szinte-mindenhol-alkalmasak\/","name":"A f\u00fcgg\u0151leges \u00f6sszecsukhat\u00f3 kapuk szinte mindenhol alkalmasak. - Smartdoor","isPartOf":{"@id":"https:\/\/smartdoor.sk\/hu\/#website"},"primaryImageOfPage":{"@id":"https:\/\/smartdoor.sk\/hu\/a-fuggoleges-osszecsukhato-kapuk-szinte-mindenhol-alkalmasak\/#primaryimage"},"image":{"@id":"https:\/\/smartdoor.sk\/hu\/a-fuggoleges-osszecsukhato-kapuk-szinte-mindenhol-alkalmasak\/#primaryimage"},"thumbnailUrl":"https:\/\/smartdoor.sk\/wp-content\/uploads\/2021\/03\/100_1941_202073154247-scaled-1.jpeg","datePublished":"2024-03-27T15:43:41+00:00","dateModified":"2024-03-27T15:43:42+00:00","description":"F\u00fcgg\u0151leges \u00f6sszecsukhat\u00f3 ajt\u00f3k v\u00e1ltoz\u00f3 gar\u00e1zskapuk, amelyek b\u00e1rmilyen helyis\u00e9gbe illeszkednek. Ott is telep\u00edthet\u0151k, ahol a k\u00f6r\u00fclm\u00e9nyek kih\u00edv\u00e1st jelentenek.","breadcrumb":{"@id":"https:\/\/smartdoor.sk\/hu\/a-fuggoleges-osszecsukhato-kapuk-szinte-mindenhol-alkalmasak\/#breadcrumb"},"inLanguage":"hu","potentialAction":[{"@type":"ReadAction","target":["https:\/\/smartdoor.sk\/hu\/a-fuggoleges-osszecsukhato-kapuk-szinte-mindenhol-alkalmasak\/"]}]},{"@type":"ImageObject","inLanguage":"hu","@id":"https:\/\/smartdoor.sk\/hu\/a-fuggoleges-osszecsukhato-kapuk-szinte-mindenhol-alkalmasak\/#primaryimage","url":"https:\/\/smartdoor.sk\/wp-content\/uploads\/2021\/03\/100_1941_202073154247-scaled-1.jpeg","contentUrl":"https:\/\/smartdoor.sk\/wp-content\/uploads\/2021\/03\/100_1941_202073154247-scaled-1.jpeg","width":2560,"height":1915,"caption":"vertik\u00e1lne skladacia br\u00e1na"},{"@type":"BreadcrumbList","@id":"https:\/\/smartdoor.sk\/hu\/a-fuggoleges-osszecsukhato-kapuk-szinte-mindenhol-alkalmasak\/#breadcrumb","itemListElement":[{"@type":"ListItem","position":1,"name":"Domovsk\u00e1 str\u00e1nka","item":"https:\/\/smartdoor.sk\/hu\/"},{"@type":"ListItem","position":2,"name":"A f\u00fcgg\u0151leges \u00f6sszecsukhat\u00f3 kapuk szinte mindenhol alkalmasak."}]},{"@type":"WebSite","@id":"https:\/\/smartdoor.sk\/hu\/#website","url":"https:\/\/smartdoor.sk\/hu\/","name":"Smartdoor","description":"M\u00fadre rie\u0161enia pre gar\u00e1\u017eov\u00e9 br\u00e1ny","publisher":{"@id":"https:\/\/smartdoor.sk\/hu\/#organization"},"potentialAction":[{"@type":"SearchAction","target":{"@type":"EntryPoint","urlTemplate":"https:\/\/smartdoor.sk\/hu\/?s={search_term_string}"},"query-input":{"@type":"PropertyValueSpecification","valueRequired":true,"valueName":"search_term_string"}}],"inLanguage":"hu"},{"@type":"Organization","@id":"https:\/\/smartdoor.sk\/hu\/#organization","name":"Smartdoor","url":"https:\/\/smartdoor.sk\/hu\/","logo":{"@type":"ImageObject","inLanguage":"hu","@id":"https:\/\/smartdoor.sk\/hu\/#\/schema\/logo\/image\/","url":"https:\/\/smartdoor.sk\/wp-content\/uploads\/2023\/03\/SmartDoorLogo.png","contentUrl":"https:\/\/smartdoor.sk\/wp-content\/uploads\/2023\/03\/SmartDoorLogo.png","width":1500,"height":902,"caption":"Smartdoor"},"image":{"@id":"https:\/\/smartdoor.sk\/hu\/#\/schema\/logo\/image\/"}},{"@type":"Person","@id":"https:\/\/smartdoor.sk\/hu\/#\/schema\/person\/d892853bce1ea8552a533145ce6a8b46","name":"SmartAdmin","image":{"@type":"ImageObject","inLanguage":"hu","@id":"https:\/\/secure.gravatar.com\/avatar\/57e7d1870c117a4e7f33c0a3aca2a6eed84a8a671f6e7de363df71556bad22c5?s=96&d=mm&r=g","url":"https:\/\/secure.gravatar.com\/avatar\/57e7d1870c117a4e7f33c0a3aca2a6eed84a8a671f6e7de363df71556bad22c5?s=96&d=mm&r=g","contentUrl":"https:\/\/secure.gravatar.com\/avatar\/57e7d1870c117a4e7f33c0a3aca2a6eed84a8a671f6e7de363df71556bad22c5?s=96&d=mm&r=g","caption":"SmartAdmin"},"url":"https:\/\/smartdoor.sk\/hu\/author\/smartadmin\/"}]}},"_links":{"self":[{"href":"https:\/\/smartdoor.sk\/hu\/wp-json\/wp\/v2\/posts\/13733","targetHints":{"allow":["GET"]}}],"collection":[{"href":"https:\/\/smartdoor.sk\/hu\/wp-json\/wp\/v2\/posts"}],"about":[{"href":"https:\/\/smartdoor.sk\/hu\/wp-json\/wp\/v2\/types\/post"}],"author":[{"embeddable":true,"href":"https:\/\/smartdoor.sk\/hu\/wp-json\/wp\/v2\/users\/1"}],"replies":[{"embeddable":true,"href":"https:\/\/smartdoor.sk\/hu\/wp-json\/wp\/v2\/comments?post=13733"}],"version-history":[{"count":2,"href":"https:\/\/smartdoor.sk\/hu\/wp-json\/wp\/v2\/posts\/13733\/revisions"}],"predecessor-version":[{"id":13740,"href":"https:\/\/smartdoor.sk\/hu\/wp-json\/wp\/v2\/posts\/13733\/revisions\/13740"}],"wp:featuredmedia":[{"embeddable":true,"href":"https:\/\/smartdoor.sk\/hu\/wp-json\/wp\/v2\/media\/12773"}],"wp:attachment":[{"href":"https:\/\/smartdoor.sk\/hu\/wp-json\/wp\/v2\/media?parent=13733"}],"wp:term":[{"taxonomy":"category","embeddable":true,"href":"https:\/\/smartdoor.sk\/hu\/wp-json\/wp\/v2\/categories?post=13733"},{"taxonomy":"post_tag","embeddable":true,"href":"https:\/\/smartdoor.sk\/hu\/wp-json\/wp\/v2\/tags?post=13733"}],"curies":[{"name":"wp","href":"https:\/\/api.w.org\/{rel}","templated":true}]}}